{"id":21651,"date":"2014-12-30T06:36:30","date_gmt":"2014-12-30T05:36:30","guid":{"rendered":"http:\/\/felixalbo.com\/wp\/?post_type=portfolio_page&#038;p=21651"},"modified":"2024-04-17T23:25:29","modified_gmt":"2024-04-17T21:25:29","slug":"faros-4","status":"publish","type":"post","link":"https:\/\/felixalbo.com\/wp\/blog\/faros-4\/","title":{"rendered":"FAROS"},"content":{"rendered":"<div><\/div>\n<div>R\u00e1fagas que nos recuerdan desde lo oscuro una ausencia, un aroma, un viejo rumbo, un nuevo sue\u00f1o, un miedo, una risa, un nombre.<\/div>\n<div>R\u00e1fagas a las que uno se amarra como a la vida, sin intenci\u00f3n de soltarla, de perderla, de desperdiciarla. R\u00e1fagas que nos muestran d\u00f3nde queda la tierra firme, para saberse cerca, o por lo menos d\u00f3nde.<\/div>\n<div><\/div>\n<div>Historias de perdidos al r\u00edo, de encontrados en la orilla, de las piedras sin memoria.<\/div>\n<div><\/div>\n<div><span class=\"il\">FAROS<\/span> que nos acercan, que nos seducen, que nos sumergen.<span class=\"il\">FAROS<\/span>. No te pierdas.<\/div>\n<p style=\"text-align: right;\"><strong><span style=\"color: #000000;\">.DATOS T\u00c9CNICOS<\/span><\/strong><\/p>\n<div>\n<div>Espect\u00e1culo para sala. Sin dise\u00f1o de luces ni t\u00e9cnico.<\/div>\n<div><\/div>\n<div>Direcci\u00f3n:\u00a0F\u00c9LIX ALBO<br \/>\nAutor e int\u00e9rprete de los textos: F\u00c9LIX ALBO<\/div>\n<div><\/div>\n<\/div>\n<div>\n<div class=\"p1\">Duraci\u00f3n: 70 minutos.<\/div>\n<div class=\"p1\">P\u00fablico: ADULTO<\/div>\n<div class=\"p1\"><\/div>\n<\/div>\n<p style=\"text-align: justify;\">M\u00e1s informaci\u00f3n: distribucion@felixalbo.com o a trav\u00e9s del formulario de\u00a0<a style=\"color: #000000;\" title=\"contacto\" href=\"http:\/\/felixalbo.com\/wp\/contacto\/\">contacto.<\/a><\/p>\n<p style=\"text-align: right;\"><strong>.BIT\u00c1CORA<\/strong><\/p>\n<p style=\"text-align: left;\"><strong>-ALICANTE-<\/strong><\/p>\n<p style=\"text-align: left;\">Alicante, SALA CLAN CABARET<\/p>\n<p style=\"text-align: left;\">Mon\u00f3var, SAL\u00d3N CASA DE CULTURA<\/p>\n<p style=\"text-align: left;\">Petrer, TETER\u00cdA LAS MIL Y UNA NOCHES<\/p>\n<p style=\"text-align: left;\">Sant Joan d&#8217;Alacant, SAL\u00d3N de la\u00a0BIBLIOTECA P\u00daBLICA MUNICIPAL<\/p>\n<p style=\"text-align: left;\">&#8211;<strong>VIZCAYA-<\/strong><\/p>\n<p style=\"text-align: left;\">Bilbao, CENTRO CULTURAL del Barrio ZURBALANBARRI<\/p>\n<p style=\"text-align: left;\">&#8211;<strong>CIUDAD REAL-<\/strong><\/p>\n<p style=\"text-align: left;\">Herencia, ESPACIO 1800<\/p>\n<p style=\"text-align: left;\"><strong>-CUENCA-<\/strong><\/p>\n<p style=\"text-align: left;\">Cuenca, TEATRO AUDITORIO de CUENCA (estreno &#8211; octubre 2014)<\/p>\n<p style=\"text-align: left;\">Mota del Cuervo, SAL\u00d3N CULTURAL LA TERCIA<\/p>\n<p style=\"text-align: left;\">&#8211;<strong>GRANADA-<\/strong><\/p>\n<p style=\"text-align: left;\">Granada, LA QARMITA<\/p>\n<p style=\"text-align: left;\">&#8211;<strong>LA RIOJA-<\/strong><\/p>\n<p style=\"text-align: left;\">Logro\u00f1o, ESPACIO DE LA LUNA<\/p>\n<p style=\"text-align: left;\">&#8211;<strong>MURCIA-<\/strong><\/p>\n<p style=\"text-align: left;\">Murcia,\u00a0CAF\u00c9 DEL ARCHIVO<\/p>\n<p style=\"text-align: left;\">&#8211;<strong>TOLEDO-<\/strong><\/p>\n<p style=\"text-align: left;\">Quintanar de la Orden, BIBLIOTECA P\u00daBLICA MUNICIPAL<\/p>\n<p style=\"text-align: left;\">&#8211;<strong>ZAMORA-<\/strong><\/p>\n<p style=\"text-align: left;\">Zamora, \u00c1VALON CAF\u00c9<\/p>\n","protected":false},"excerpt":{"rendered":"<p>R\u00e1fagas que nos recuerdan desde lo oscuro una ausencia, un aroma, un viejo rumbo, un nuevo sue\u00f1o, un miedo, una risa, un nombre. R\u00e1fagas a las que uno se amarra como a la vida, sin intenci\u00f3n de soltarla, de perderla, de desperdiciarla. R\u00e1fagas que nos&#8230;<\/p>\n","protected":false},"author":1,"featured_media":21691,"comment_status":"open","ping_status":"closed","sticky":false,"template":"","format":"standard","meta":{"_monsterinsights_skip_tracking":false,"_monsterinsights_sitenote_active":false,"_monsterinsights_sitenote_note":"","_monsterinsights_sitenote_category":0,"footnotes":""},"categories":[145],"tags":[],"class_list":["post-21651","post","type-post","status-publish","format-standard","has-post-thumbnail","hentry","category-portfolio"],"_links":{"self":[{"href":"https:\/\/felixalbo.com\/wp\/wp-json\/wp\/v2\/posts\/21651","targetHints":{"allow":["GET"]}}],"collection":[{"href":"https:\/\/felixalbo.com\/wp\/wp-json\/wp\/v2\/posts"}],"about":[{"href":"https:\/\/felixalbo.com\/wp\/wp-json\/wp\/v2\/types\/post"}],"author":[{"embeddable":true,"href":"https:\/\/felixalbo.com\/wp\/wp-json\/wp\/v2\/users\/1"}],"replies":[{"embeddable":true,"href":"https:\/\/felixalbo.com\/wp\/wp-json\/wp\/v2\/comments?post=21651"}],"version-history":[{"count":2,"href":"https:\/\/felixalbo.com\/wp\/wp-json\/wp\/v2\/posts\/21651\/revisions"}],"predecessor-version":[{"id":29599,"href":"https:\/\/felixalbo.com\/wp\/wp-json\/wp\/v2\/posts\/21651\/revisions\/29599"}],"wp:featuredmedia":[{"embeddable":true,"href":"https:\/\/felixalbo.com\/wp\/wp-json\/wp\/v2\/media\/21691"}],"wp:attachment":[{"href":"https:\/\/felixalbo.com\/wp\/wp-json\/wp\/v2\/media?parent=21651"}],"wp:term":[{"taxonomy":"category","embeddable":true,"href":"https:\/\/felixalbo.com\/wp\/wp-json\/wp\/v2\/categories?post=21651"},{"taxonomy":"post_tag","embeddable":true,"href":"https:\/\/felixalbo.com\/wp\/wp-json\/wp\/v2\/tags?post=21651"}],"curies":[{"name":"wp","href":"https:\/\/api.w.org\/{rel}","templated":true}]}}