{"id":28699,"date":"2018-04-18T08:58:04","date_gmt":"2018-04-18T06:58:04","guid":{"rendered":"http:\/\/felixalbo.com\/wp\/?p=28699"},"modified":"2018-04-18T14:54:47","modified_gmt":"2018-04-18T12:54:47","slug":"ldpfunicular","status":"publish","type":"post","link":"https:\/\/felixalbo.com\/wp\/blog\/ldpfunicular\/","title":{"rendered":"#lunesdeperita \u00b7 FUNICULAR"},"content":{"rendered":"<div style=\"text-align: justify;\">\n<h1 style=\"text-align: right;\"><b>#lunesdeperita<\/b><\/h1>\n<p style=\"text-align: right;\">Cada semana una nueva historia\u00a0rondando a una palabra concreta.<\/p>\n<p style=\"text-align: right;\">\u00a0La definici\u00f3n la tomamos de la p\u00e1gina oficial de la <a title=\"RAE.es\" href=\"http:\/\/bit.ly\/LNKwebRAE\" target=\"_blank\" rel=\"noopener\">rae.es<\/a>.<\/p>\n<p style=\"text-align: right;\">La sugerencia de la palabra de alg\u00fan texto le\u00eddo, o susurrada por el aire o le\u00edda en el twitter de <a href=\"http:\/\/bit.ly\/LNKtwtRAEPOETICA\">@raepoetica<\/a>,<\/p>\n<p style=\"text-align: right;\">\u00a0Es para ti, para m\u00ed, para quien t\u00fa quieras.<\/p>\n<p style=\"text-align: right;\">Comp\u00e1rtela con quien creas que le puede interesar.<\/p>\n<\/div>\n<hr \/>\n<p><img loading=\"lazy\" decoding=\"async\" class=\" wp-image-28293 alignleft\" src=\"http:\/\/felixalbo.com\/wp\/wp-content\/uploads\/2015\/03\/perita.face_-300x158.jpg\" alt=\"perita.face_\" width=\"513\" height=\"294\" \/><\/p>\n<h2 style=\"text-align: right;\">FUNICULAR<\/h2>\n<p>Del lat. funic\u016dlus &#8216;cuerda&#8217;.<\/p>\n<p>1. adj. Dicho de un veh\u00edculo o de un artefacto: De tracci\u00f3n realizada mediante una cuerda, cable o cadena. U. t. c. s.<\/p>\n<p>2. adj. Perteneciente o relativo a los fun\u00edculos.<\/p>\n<hr \/>\n<div style=\"text-align: right;\">\n<p><strong>NOCHE DE PAISAJE \u00b7 f\u00e9lixalbo<\/strong><\/p>\n<\/div>\n<div style=\"text-align: justify;\">\n<p>&nbsp;<\/p>\n<\/div>\n<div style=\"text-align: justify;\">\n<div style=\"text-align: right;\">\n<p style=\"text-align: left;\">-\u00bfFuniqu\u00e9? -pregunt\u00f3 ella con la expresi\u00f3n totalmente abierta. Era la primera vez que escuchaba esa palabra.<\/p>\n<p style=\"text-align: left;\">El ri\u00f3 y con su risa provoc\u00f3 la de ella. Le cogi\u00f3 de la mano y la llev\u00f3 encontrando el camino m\u00e1s corto entre la gente. Sus ojos no le cab\u00edan en la cara cuando llegaron a la estaci\u00f3n inferior. Ante ella dos vagonetas iban por un mismo rail. Una sub\u00eda y la otra bajaba; a la vez, como sincronizadas, perfectamente medidas. Y pudo ver c\u00f3mo en el centro se separaban un instante para seguir despu\u00e9s cada una su trayectoria. La boca abierta.<\/p>\n<\/div>\n<p>Quiero subir -dijo ella. \u00c9l ya ten\u00eda los billetes en la mano.<\/p>\n<p>Ven -tir\u00f3 de su mano-. \u00bfVes aquella barandilla? -le dijo se\u00f1alando a la estaci\u00f3n de arriba-. Cuando vayas a bajar, as\u00f3mate all\u00ed y levanta los brazos y as\u00ed yo coger\u00e9 el de subida.<\/p>\n<p>\u00bfQu\u00e9?, pero \u00bfno vas a subir conmigo? -\u00e9l le interrumpi\u00f3 con un beso en la mejilla- Pero&#8230;<\/p>\n<p>Hay momentos que hay que descubrir en soledad. Estar\u00e9 aqu\u00ed -le contest\u00f3-.<\/p>\n<p>Y subi\u00f3 a la vagoneta, junto a unas veinte personas m\u00e1s y el funicular ascendi\u00f3 lentamente; sin prisa. Ella pudo sentir el airecillo que se colaba entre los cristales, el ruido de la tracci\u00f3n, y c\u00f3mo poco a poco iba ascendiendo y se iba descubriendo todo un paisaje \u00fanico que la velocidad le permit\u00eda contemplar al detalle. Le hizo gracia cuando las vagonetas se separaron para dejarse pasar, y no puedo evitar mirar a las personas que viajaban en la otra. Tambi\u00e9n miraban. Hubo quien incluso salud\u00f3.<\/p>\n<p>Arriba el viento soplaba. Se llen\u00f3 de \u00e9l. Y desde all\u00ed, abajo se desparramaba la ciudad entera, y todo un mar tambi\u00e9n. Y \u00e9l. No lo ve\u00eda pero ten\u00eda la certeza de que all\u00ed estaba. Pase\u00f3 un poco entre los pinos, juguete\u00f3 con la tierra y sus zapatos. Tom\u00f3 una flor y se la coloc\u00f3 en el pelo. Fue a la barandilla y levant\u00f3 los brazos.<\/p>\n<p>All\u00e1 abajo estaba como hab\u00eda dicho, levant\u00e1ndolos tambi\u00e9n, como si fueran antiguos piratas haci\u00e9ndose se\u00f1ales, o n\u00e1ufragos en dos islas queri\u00e9ndose salvar m\u00e1s de la distancia que les separaba que de la propia soledad.<\/p>\n<p>El viaje de vuelta fue distinto. Ella disfrutaba de todo tambi\u00e9n, pero estaba impaciente por cruzarse con \u00e9l. Mirarle a trav\u00e9s de los cristales de agua, en ese instante largo y dulce de trece segundos que le bastaron para saberse en el otro y sentir que a \u00e9l tambi\u00e9n le pasaba. Estuvo mir\u00e1ndolo hasta que la vagoneta se detuvo abajo.<\/p>\n<p>Cuando \u00e9l lleg\u00f3 arriba, el mismo viento soplaba. Y se dej\u00f3 llenar tambi\u00e9n. Y desde lo alto, abajo quedaba la ciudad entera, y todo un mar tambi\u00e9n. Y ella. All\u00ed estaba. Era capaz de distinguirla con esa nitidez que s\u00f3lo da la pasi\u00f3n y las ganas. Pase\u00f3 un poco entre los pinos, juguete\u00f3 con la tierra y sus manos. Tom\u00f3 una piedra que le pareci\u00f3 bonita. Fue a la barandilla y levant\u00f3 los brazos.<\/p>\n<p>Abajo, abajo los dos se abrazaron y tuvieron toda la tarde para contarse el viaje, la tensi\u00f3n de esperarse y el goce del reencuentro. Un viaje sin prisa, un camino \u00edntimo, un rendirse a los pies de un sue\u00f1o no propio pero como si s\u00ed, un sentirse arropado a\u00fan sin estar cerca, un echarse de menos, un querer volver a verse, un disfrutar \u00fanico, un estar juntos abajo y toda una tarde, como si fuera una vida entera, para compartirlo.\u00a0\u00c9l con una flor en el pelo y ella con una piedra preciosa en el bolsillo.<\/p>\n<p>Hasta ma\u00f1ana- le dijo ella, despu\u00e9s de un beso en la mejilla. Y esa ha sido una de las frases m\u00e1s intensas que ha escuchado en su vida.<\/p>\n<p>Y s\u00ed, al d\u00eda siguiente estuvieron; y as\u00ed fueron.<\/p>\n<div style=\"text-align: right;\">\n<hr \/>\n<pre style=\"text-align: left;\">La ficci\u00f3n es un espacio de libertad, sin medida, sin doma, sin culpa, sin sentido. \r\n#Abrazosacapazos.  \r\nF\u00e9lix Albo\r\n\r\nP.D. la semana que viene m\u00e1s.\r\nP.D.1. la de la semana anterior <a href=\"http:\/\/felixalbo.com\/wp\/blog\/ldpestro\/\">aqu\u00ed<\/a>.\r\n\r\n\r\n<\/pre>\n<\/div>\n<\/div>\n<div><\/div>\n<div style=\"text-align: justify;\"><\/div>\n","protected":false},"excerpt":{"rendered":"<p>#lunesdeperita Cada semana una nueva historia\u00a0rondando a una palabra concreta. \u00a0La definici\u00f3n la tomamos de la p\u00e1gina oficial de la rae.es. La sugerencia de la palabra de alg\u00fan texto le\u00eddo, o susurrada por el aire o le\u00edda en el twitter de @raepoetica, \u00a0Es para ti,&#8230;<\/p>\n","protected":false},"author":1,"featured_media":0,"comment_status":"closed","ping_status":"closed","sticky":false,"template":"","format":"standard","meta":{"_monsterinsights_skip_tracking":false,"_monsterinsights_sitenote_active":false,"_monsterinsights_sitenote_note":"","_monsterinsights_sitenote_category":0,"footnotes":""},"categories":[67],"tags":[101,102,103,96,104,100],"class_list":["post-28699","post","type-post","status-publish","format-standard","hentry","category-lunesdeperita","tag-cuento","tag-ejerciciocreativo","tag-felixalbo","tag-lunesdeperita","tag-palabrasypalabrejas","tag-relatocorto"],"_links":{"self":[{"href":"https:\/\/felixalbo.com\/wp\/wp-json\/wp\/v2\/posts\/28699","targetHints":{"allow":["GET"]}}],"collection":[{"href":"https:\/\/felixalbo.com\/wp\/wp-json\/wp\/v2\/posts"}],"about":[{"href":"https:\/\/felixalbo.com\/wp\/wp-json\/wp\/v2\/types\/post"}],"author":[{"embeddable":true,"href":"https:\/\/felixalbo.com\/wp\/wp-json\/wp\/v2\/users\/1"}],"replies":[{"embeddable":true,"href":"https:\/\/felixalbo.com\/wp\/wp-json\/wp\/v2\/comments?post=28699"}],"version-history":[{"count":3,"href":"https:\/\/felixalbo.com\/wp\/wp-json\/wp\/v2\/posts\/28699\/revisions"}],"predecessor-version":[{"id":28702,"href":"https:\/\/felixalbo.com\/wp\/wp-json\/wp\/v2\/posts\/28699\/revisions\/28702"}],"wp:attachment":[{"href":"https:\/\/felixalbo.com\/wp\/wp-json\/wp\/v2\/media?parent=28699"}],"wp:term":[{"taxonomy":"category","embeddable":true,"href":"https:\/\/felixalbo.com\/wp\/wp-json\/wp\/v2\/categories?post=28699"},{"taxonomy":"post_tag","embeddable":true,"href":"https:\/\/felixalbo.com\/wp\/wp-json\/wp\/v2\/tags?post=28699"}],"curies":[{"name":"wp","href":"https:\/\/api.w.org\/{rel}","templated":true}]}}